{"id":660,"date":"2025-05-08T10:10:31","date_gmt":"2025-05-08T10:10:31","guid":{"rendered":"https:\/\/www.stoelzle.com\/sto\/?p=660"},"modified":"2025-05-08T10:13:12","modified_gmt":"2025-05-08T10:13:12","slug":"220-jahre-glas-und-die-kunst-lebt-weiter","status":"publish","type":"post","link":"https:\/\/www.stoelzle.com\/sto\/220-jahre-glas-und-die-kunst-lebt-weiter\/","title":{"rendered":"220 Jahre Glas \u2013 und die Kunst lebt weiter"},"content":{"rendered":"<div class=\"wpb-content-wrapper\"><p>[vc_row][vc_column][vc_column_text css=&#8221;&#8221;]<\/p>\n<p>Seit \u00fcber zwei Jahrhunderten steht Stoelzle f\u00fcr hochwertige Glasherstellung \u2013 von industrieller Serienfertigung bis zu kunstvoller Handarbeit. Der Standort B\u00e4rnbach in der Steiermark spielt dabei eine besondere Rolle: In der dortigen Mundblash\u00fctte wurden \u00fcber Generationen hinweg Glasobjekte in traditioneller Technik gefertigt. Internationale K\u00fcnstler:innen und heimische Glasmacher:innen pr\u00e4gten das kreative Erbe dieses Ortes entscheidend mit.<\/p>\n<p>Heute ist die Mundblash\u00fctte nicht nur ein Ort der Geschichte \u2013 sondern ein Schauplatz lebendiger Handwerkskultur: Als Schauglash\u00fctte bleibt sie offen f\u00fcr das Publikum und k\u00fcnstlerische Ideen.<\/p>\n<p>Zum 220-j\u00e4hrigen Jubil\u00e4um dieser traditionsreichen H\u00fctte m\u00f6chte Stoelzle Oberglas den k\u00fcnstlerischen Geist vergangener Jahrzehnte wieder aufleben lassen \u2013 und l\u00e4dt zeitgen\u00f6ssische Glask\u00fcnstler:innen ein, Teil eines <strong>Artist-in-Residence-Programms<\/strong> zu werden, das im <strong>Herbst 2026<\/strong> starten wird.<\/p>\n<p>Im Rahmen eines dreiw\u00f6chigen Aufenthalts erhalten ausgew\u00e4hlte K\u00fcnstler:innen die M\u00f6glichkeit, direkt am Hafenofen zu arbeiten und ihre gestalterischen Konzepte in Glas umzusetzen. Stoelzle stellt dabei Unterkunft, Verpflegung sowie Glasressourcen zur Verf\u00fcgung \u2013 f\u00fcr einen kreativen Prozess ohne Ablenkung.<\/p>\n<p>Ein Werk aus der entstandenen Serie wird Teil der Sammlung von Stoelzle Oberglas und dauerhaft im Glasmuseum B\u00e4rnbach pr\u00e4sentiert.<\/p>\n<p><strong>Tradition trifft Zukunft \u2013 werden Sie Teil davon.<\/strong><\/p>\n<p><em><a class=\"editor-button cta\" href=\"mailto:office@stoelzle.com\">Jetzt bewerben<\/a><\/em><\/p>\n<p><em>Interessierte Glask\u00fcnstler:innen senden bitte ein kurzes Portfolio und eine Projektidee an: office@stoelzle.com<\/em><\/p>\n<p>[\/vc_column_text][\/vc_column][\/vc_row][vc_row][vc_column]<div id=\"id-0\" class=\" \"><div class=\"mb-4\"><div class=\"row\"><div class=\"col content-slider-arrows text-center\"><\/div><\/div><\/div><div class=\"row content-slider mb-5\"><div class=\"col\"><div>\n                        <div class=\"mb-3\"><div class=\"content-slider-image\">\n                      <img decoding=\"async\" class=\"img-fluid w-100 h-100\" src=\"https:\/\/www.stoelzle.com\/sto\/wp-content\/uploads\/sites\/5\/2025\/05\/ABB6018.jpg\" alt=\"Glass artists at work\">\n                    <\/div><\/div>\n                        \n                      <\/div><\/div><div class=\"col\"><div>\n                        <div class=\"mb-3\"><div class=\"content-slider-image\">\n                      <img decoding=\"async\" class=\"img-fluid w-100 h-100\" src=\"https:\/\/www.stoelzle.com\/sto\/wp-content\/uploads\/sites\/5\/2025\/05\/ABB6489.jpg\" alt=\"Glass artists at work\">\n                    <\/div><\/div>\n                        \n                      <\/div><\/div><div class=\"col\"><div>\n                        <div class=\"mb-3\"><div class=\"content-slider-image\">\n                      <img decoding=\"async\" class=\"img-fluid w-100 h-100\" src=\"https:\/\/www.stoelzle.com\/sto\/wp-content\/uploads\/sites\/5\/2025\/05\/ABB6371.jpg\" alt=\"Glass artists at work\">\n                    <\/div><\/div>\n                        \n                      <\/div><\/div><div class=\"col\"><div>\n                        <div class=\"mb-3\"><div class=\"content-slider-image\">\n                      <img decoding=\"async\" class=\"img-fluid w-100 h-100\" src=\"https:\/\/www.stoelzle.com\/sto\/wp-content\/uploads\/sites\/5\/2025\/05\/ABB6524.jpg\" alt=\"Glass artists at work\">\n                    <\/div><\/div>\n                        \n                      <\/div><\/div><\/div><\/div>\n    <script async>\n      jQuery(document).ready(function($) {\n        jQuery(\"#id-0 .content-slider\").slick({\n          slidesToShow: 3,\n          prevArrow: \"<span class=\\\"d-inline-block slick-arrow slick-arrow-prev\\\"><\/span>\",\n          nextArrow: \"<span class=\\\"d-inline-block slick-arrow slick-arrow-next\\\"><\/span>\",\n          appendArrows: $(\"#id-0 .content-slider-arrows\"),\n          adaptiveHeight: true,\n          responsive: [\n            {\n              breakpoint: 1024,\n              settings: {\n                slidesToShow: 2\n              }\n            },\n            {\n              breakpoint: 768,\n              settings: {\n                slidesToShow: 1\n              }\n            },\n          ]\n        });\n      });\n    <\/script>[\/vc_column][\/vc_row]<\/p>\n<\/div>","protected":false},"excerpt":{"rendered":"<p>Im Rahmen eines Artist-in-Residence-Programms l\u00e4dt Stoelzle Glask\u00fcnstler:innen ein, drei Wochen lang am Hafenofen in der historischen Mundblash\u00fctte zu arbeiten. Unterkunft, Verpflegung und Materialien werden gestellt \u2013 eines der entstandenen Werke wird im Glasmuseum B\u00e4rnbach ausgestellt.<\/p>\n","protected":false},"author":22,"featured_media":665,"comment_status":"open","ping_status":"open","sticky":false,"template":"","format":"standard","meta":{"_acf_changed":false,"footnotes":""},"categories":[25],"tags":[],"class_list":["post-660","post","type-post","status-publish","format-standard","has-post-thumbnail","hentry","category-koflach"],"acf":[],"yoast_head":"<!-- This site is optimized with the Yoast SEO plugin v26.6 - https:\/\/yoast.com\/wordpress\/plugins\/seo\/ -->\n<title>220 Jahre Glas \u2013 und die Kunst lebt weiter \u00bb News I Stoelzle<\/title>\n<meta name=\"robots\" content=\"index, follow, max-snippet:-1, max-image-preview:large, max-video-preview:-1\" \/>\n<link rel=\"canonical\" href=\"https:\/\/www.stoelzle.com\/sto\/220-jahre-glas-und-die-kunst-lebt-weiter\/\" \/>\n<meta property=\"og:locale\" content=\"en_US\" \/>\n<meta property=\"og:type\" content=\"article\" \/>\n<meta property=\"og:title\" content=\"220 Jahre Glas \u2013 und die Kunst lebt weiter \u00bb News I Stoelzle\" \/>\n<meta property=\"og:description\" content=\"Im Rahmen eines Artist-in-Residence-Programms l\u00e4dt Stoelzle Glask\u00fcnstler:innen ein, drei Wochen lang am Hafenofen in der historischen Mundblash\u00fctte zu arbeiten. Unterkunft, Verpflegung und Materialien werden gestellt \u2013 eines der entstandenen Werke wird im Glasmuseum B\u00e4rnbach ausgestellt.\" \/>\n<meta property=\"og:url\" content=\"https:\/\/www.stoelzle.com\/sto\/220-jahre-glas-und-die-kunst-lebt-weiter\/\" \/>\n<meta property=\"og:site_name\" content=\"Stoelzle Oberglas\" \/>\n<meta property=\"article:published_time\" content=\"2025-05-08T10:10:31+00:00\" \/>\n<meta property=\"article:modified_time\" content=\"2025-05-08T10:13:12+00:00\" \/>\n<meta property=\"og:image\" content=\"https:\/\/www.stoelzle.com\/sto\/wp-content\/uploads\/sites\/5\/2025\/05\/featured-image-glass-artist.jpg\" \/>\n\t<meta property=\"og:image:width\" content=\"1500\" \/>\n\t<meta property=\"og:image:height\" content=\"975\" \/>\n\t<meta property=\"og:image:type\" content=\"image\/jpeg\" \/>\n<meta name=\"author\" content=\"katharina\" \/>\n<meta name=\"twitter:card\" content=\"summary_large_image\" \/>\n<meta name=\"twitter:label1\" content=\"Written by\" \/>\n\t<meta name=\"twitter:data1\" content=\"katharina\" \/>\n\t<meta name=\"twitter:label2\" content=\"Est. reading time\" \/>\n\t<meta name=\"twitter:data2\" content=\"2 minutes\" \/>\n<script type=\"application\/ld+json\" class=\"yoast-schema-graph\">{\"@context\":\"https:\/\/schema.org\",\"@graph\":[{\"@type\":\"Article\",\"@id\":\"https:\/\/www.stoelzle.com\/sto\/220-jahre-glas-und-die-kunst-lebt-weiter\/#article\",\"isPartOf\":{\"@id\":\"https:\/\/www.stoelzle.com\/sto\/220-jahre-glas-und-die-kunst-lebt-weiter\/\"},\"author\":{\"name\":\"katharina\",\"@id\":\"https:\/\/www.stoelzle.com\/sto\/#\/schema\/person\/6f16ef4809d88cbdc5612d44ebb3eb1a\"},\"headline\":\"220 Jahre Glas \u2013 und die Kunst lebt weiter\",\"datePublished\":\"2025-05-08T10:10:31+00:00\",\"dateModified\":\"2025-05-08T10:13:12+00:00\",\"mainEntityOfPage\":{\"@id\":\"https:\/\/www.stoelzle.com\/sto\/220-jahre-glas-und-die-kunst-lebt-weiter\/\"},\"wordCount\":281,\"commentCount\":0,\"publisher\":{\"@id\":\"https:\/\/www.stoelzle.com\/sto\/#organization\"},\"image\":{\"@id\":\"https:\/\/www.stoelzle.com\/sto\/220-jahre-glas-und-die-kunst-lebt-weiter\/#primaryimage\"},\"thumbnailUrl\":\"https:\/\/www.stoelzle.com\/sto\/wp-content\/uploads\/sites\/5\/2025\/05\/featured-image-glass-artist.jpg\",\"articleSection\":[\"K\u00f6flach\"],\"inLanguage\":\"en-US\",\"potentialAction\":[{\"@type\":\"CommentAction\",\"name\":\"Comment\",\"target\":[\"https:\/\/www.stoelzle.com\/sto\/220-jahre-glas-und-die-kunst-lebt-weiter\/#respond\"]}]},{\"@type\":\"WebPage\",\"@id\":\"https:\/\/www.stoelzle.com\/sto\/220-jahre-glas-und-die-kunst-lebt-weiter\/\",\"url\":\"https:\/\/www.stoelzle.com\/sto\/220-jahre-glas-und-die-kunst-lebt-weiter\/\",\"name\":\"220 Jahre Glas \u2013 und die Kunst lebt weiter \u00bb News I Stoelzle\",\"isPartOf\":{\"@id\":\"https:\/\/www.stoelzle.com\/sto\/#website\"},\"primaryImageOfPage\":{\"@id\":\"https:\/\/www.stoelzle.com\/sto\/220-jahre-glas-und-die-kunst-lebt-weiter\/#primaryimage\"},\"image\":{\"@id\":\"https:\/\/www.stoelzle.com\/sto\/220-jahre-glas-und-die-kunst-lebt-weiter\/#primaryimage\"},\"thumbnailUrl\":\"https:\/\/www.stoelzle.com\/sto\/wp-content\/uploads\/sites\/5\/2025\/05\/featured-image-glass-artist.jpg\",\"datePublished\":\"2025-05-08T10:10:31+00:00\",\"dateModified\":\"2025-05-08T10:13:12+00:00\",\"breadcrumb\":{\"@id\":\"https:\/\/www.stoelzle.com\/sto\/220-jahre-glas-und-die-kunst-lebt-weiter\/#breadcrumb\"},\"inLanguage\":\"en-US\",\"potentialAction\":[{\"@type\":\"ReadAction\",\"target\":[\"https:\/\/www.stoelzle.com\/sto\/220-jahre-glas-und-die-kunst-lebt-weiter\/\"]}]},{\"@type\":\"ImageObject\",\"inLanguage\":\"en-US\",\"@id\":\"https:\/\/www.stoelzle.com\/sto\/220-jahre-glas-und-die-kunst-lebt-weiter\/#primaryimage\",\"url\":\"https:\/\/www.stoelzle.com\/sto\/wp-content\/uploads\/sites\/5\/2025\/05\/featured-image-glass-artist.jpg\",\"contentUrl\":\"https:\/\/www.stoelzle.com\/sto\/wp-content\/uploads\/sites\/5\/2025\/05\/featured-image-glass-artist.jpg\",\"width\":1500,\"height\":975,\"caption\":\"glass artists at work\"},{\"@type\":\"BreadcrumbList\",\"@id\":\"https:\/\/www.stoelzle.com\/sto\/220-jahre-glas-und-die-kunst-lebt-weiter\/#breadcrumb\",\"itemListElement\":[{\"@type\":\"ListItem\",\"position\":1,\"name\":\"Home\",\"item\":\"https:\/\/www.stoelzle.com\"},{\"@type\":\"ListItem\",\"position\":2,\"name\":\"Stoelzle Oberglas\",\"item\":\"https:\/\/www.stoelzle.com\/sto\/\"},{\"@type\":\"ListItem\",\"position\":3,\"name\":\"220 Jahre Glas \u2013 und die Kunst lebt weiter\"}]},{\"@type\":\"WebSite\",\"@id\":\"https:\/\/www.stoelzle.com\/sto\/#website\",\"url\":\"https:\/\/www.stoelzle.com\/sto\/\",\"name\":\"Stoelzle Oberglas\",\"description\":\"\",\"publisher\":{\"@id\":\"https:\/\/www.stoelzle.com\/sto\/#organization\"},\"potentialAction\":[{\"@type\":\"SearchAction\",\"target\":{\"@type\":\"EntryPoint\",\"urlTemplate\":\"https:\/\/www.stoelzle.com\/sto\/?s={search_term_string}\"},\"query-input\":{\"@type\":\"PropertyValueSpecification\",\"valueRequired\":true,\"valueName\":\"search_term_string\"}}],\"inLanguage\":\"en-US\"},{\"@type\":\"Organization\",\"@id\":\"https:\/\/www.stoelzle.com\/sto\/#organization\",\"name\":\"Stoelzle Oberglas GmbH\",\"url\":\"https:\/\/www.stoelzle.com\/sto\/\",\"logo\":{\"@type\":\"ImageObject\",\"inLanguage\":\"en-US\",\"@id\":\"https:\/\/www.stoelzle.com\/sto\/#\/schema\/logo\/image\/\",\"url\":\"https:\/\/www.stoelzle.com\/sto\/wp-content\/uploads\/sites\/5\/2021\/03\/logo_stoelzle_oberglas.svg\",\"contentUrl\":\"https:\/\/www.stoelzle.com\/sto\/wp-content\/uploads\/sites\/5\/2021\/03\/logo_stoelzle_oberglas.svg\",\"width\":150,\"height\":40,\"caption\":\"Stoelzle Oberglas GmbH\"},\"image\":{\"@id\":\"https:\/\/www.stoelzle.com\/sto\/#\/schema\/logo\/image\/\"}},{\"@type\":\"Person\",\"@id\":\"https:\/\/www.stoelzle.com\/sto\/#\/schema\/person\/6f16ef4809d88cbdc5612d44ebb3eb1a\",\"name\":\"katharina\"}]}<\/script>\n<!-- \/ Yoast SEO plugin. -->","yoast_head_json":{"title":"220 Jahre Glas \u2013 und die Kunst lebt weiter \u00bb News I Stoelzle","robots":{"index":"index","follow":"follow","max-snippet":"max-snippet:-1","max-image-preview":"max-image-preview:large","max-video-preview":"max-video-preview:-1"},"canonical":"https:\/\/www.stoelzle.com\/sto\/220-jahre-glas-und-die-kunst-lebt-weiter\/","og_locale":"en_US","og_type":"article","og_title":"220 Jahre Glas \u2013 und die Kunst lebt weiter \u00bb News I Stoelzle","og_description":"Im Rahmen eines Artist-in-Residence-Programms l\u00e4dt Stoelzle Glask\u00fcnstler:innen ein, drei Wochen lang am Hafenofen in der historischen Mundblash\u00fctte zu arbeiten. Unterkunft, Verpflegung und Materialien werden gestellt \u2013 eines der entstandenen Werke wird im Glasmuseum B\u00e4rnbach ausgestellt.","og_url":"https:\/\/www.stoelzle.com\/sto\/220-jahre-glas-und-die-kunst-lebt-weiter\/","og_site_name":"Stoelzle Oberglas","article_published_time":"2025-05-08T10:10:31+00:00","article_modified_time":"2025-05-08T10:13:12+00:00","og_image":[{"width":1500,"height":975,"url":"https:\/\/www.stoelzle.com\/sto\/wp-content\/uploads\/sites\/5\/2025\/05\/featured-image-glass-artist.jpg","type":"image\/jpeg"}],"author":"katharina","twitter_card":"summary_large_image","twitter_misc":{"Written by":"katharina","Est. reading time":"2 minutes"},"schema":{"@context":"https:\/\/schema.org","@graph":[{"@type":"Article","@id":"https:\/\/www.stoelzle.com\/sto\/220-jahre-glas-und-die-kunst-lebt-weiter\/#article","isPartOf":{"@id":"https:\/\/www.stoelzle.com\/sto\/220-jahre-glas-und-die-kunst-lebt-weiter\/"},"author":{"name":"katharina","@id":"https:\/\/www.stoelzle.com\/sto\/#\/schema\/person\/6f16ef4809d88cbdc5612d44ebb3eb1a"},"headline":"220 Jahre Glas \u2013 und die Kunst lebt weiter","datePublished":"2025-05-08T10:10:31+00:00","dateModified":"2025-05-08T10:13:12+00:00","mainEntityOfPage":{"@id":"https:\/\/www.stoelzle.com\/sto\/220-jahre-glas-und-die-kunst-lebt-weiter\/"},"wordCount":281,"commentCount":0,"publisher":{"@id":"https:\/\/www.stoelzle.com\/sto\/#organization"},"image":{"@id":"https:\/\/www.stoelzle.com\/sto\/220-jahre-glas-und-die-kunst-lebt-weiter\/#primaryimage"},"thumbnailUrl":"https:\/\/www.stoelzle.com\/sto\/wp-content\/uploads\/sites\/5\/2025\/05\/featured-image-glass-artist.jpg","articleSection":["K\u00f6flach"],"inLanguage":"en-US","potentialAction":[{"@type":"CommentAction","name":"Comment","target":["https:\/\/www.stoelzle.com\/sto\/220-jahre-glas-und-die-kunst-lebt-weiter\/#respond"]}]},{"@type":"WebPage","@id":"https:\/\/www.stoelzle.com\/sto\/220-jahre-glas-und-die-kunst-lebt-weiter\/","url":"https:\/\/www.stoelzle.com\/sto\/220-jahre-glas-und-die-kunst-lebt-weiter\/","name":"220 Jahre Glas \u2013 und die Kunst lebt weiter \u00bb News I Stoelzle","isPartOf":{"@id":"https:\/\/www.stoelzle.com\/sto\/#website"},"primaryImageOfPage":{"@id":"https:\/\/www.stoelzle.com\/sto\/220-jahre-glas-und-die-kunst-lebt-weiter\/#primaryimage"},"image":{"@id":"https:\/\/www.stoelzle.com\/sto\/220-jahre-glas-und-die-kunst-lebt-weiter\/#primaryimage"},"thumbnailUrl":"https:\/\/www.stoelzle.com\/sto\/wp-content\/uploads\/sites\/5\/2025\/05\/featured-image-glass-artist.jpg","datePublished":"2025-05-08T10:10:31+00:00","dateModified":"2025-05-08T10:13:12+00:00","breadcrumb":{"@id":"https:\/\/www.stoelzle.com\/sto\/220-jahre-glas-und-die-kunst-lebt-weiter\/#breadcrumb"},"inLanguage":"en-US","potentialAction":[{"@type":"ReadAction","target":["https:\/\/www.stoelzle.com\/sto\/220-jahre-glas-und-die-kunst-lebt-weiter\/"]}]},{"@type":"ImageObject","inLanguage":"en-US","@id":"https:\/\/www.stoelzle.com\/sto\/220-jahre-glas-und-die-kunst-lebt-weiter\/#primaryimage","url":"https:\/\/www.stoelzle.com\/sto\/wp-content\/uploads\/sites\/5\/2025\/05\/featured-image-glass-artist.jpg","contentUrl":"https:\/\/www.stoelzle.com\/sto\/wp-content\/uploads\/sites\/5\/2025\/05\/featured-image-glass-artist.jpg","width":1500,"height":975,"caption":"glass artists at work"},{"@type":"BreadcrumbList","@id":"https:\/\/www.stoelzle.com\/sto\/220-jahre-glas-und-die-kunst-lebt-weiter\/#breadcrumb","itemListElement":[{"@type":"ListItem","position":1,"name":"Home","item":"https:\/\/www.stoelzle.com"},{"@type":"ListItem","position":2,"name":"Stoelzle Oberglas","item":"https:\/\/www.stoelzle.com\/sto\/"},{"@type":"ListItem","position":3,"name":"220 Jahre Glas \u2013 und die Kunst lebt weiter"}]},{"@type":"WebSite","@id":"https:\/\/www.stoelzle.com\/sto\/#website","url":"https:\/\/www.stoelzle.com\/sto\/","name":"Stoelzle Oberglas","description":"","publisher":{"@id":"https:\/\/www.stoelzle.com\/sto\/#organization"},"potentialAction":[{"@type":"SearchAction","target":{"@type":"EntryPoint","urlTemplate":"https:\/\/www.stoelzle.com\/sto\/?s={search_term_string}"},"query-input":{"@type":"PropertyValueSpecification","valueRequired":true,"valueName":"search_term_string"}}],"inLanguage":"en-US"},{"@type":"Organization","@id":"https:\/\/www.stoelzle.com\/sto\/#organization","name":"Stoelzle Oberglas GmbH","url":"https:\/\/www.stoelzle.com\/sto\/","logo":{"@type":"ImageObject","inLanguage":"en-US","@id":"https:\/\/www.stoelzle.com\/sto\/#\/schema\/logo\/image\/","url":"https:\/\/www.stoelzle.com\/sto\/wp-content\/uploads\/sites\/5\/2021\/03\/logo_stoelzle_oberglas.svg","contentUrl":"https:\/\/www.stoelzle.com\/sto\/wp-content\/uploads\/sites\/5\/2021\/03\/logo_stoelzle_oberglas.svg","width":150,"height":40,"caption":"Stoelzle Oberglas GmbH"},"image":{"@id":"https:\/\/www.stoelzle.com\/sto\/#\/schema\/logo\/image\/"}},{"@type":"Person","@id":"https:\/\/www.stoelzle.com\/sto\/#\/schema\/person\/6f16ef4809d88cbdc5612d44ebb3eb1a","name":"katharina"}]}},"_links":{"self":[{"href":"https:\/\/www.stoelzle.com\/sto\/wp-json\/wp\/v2\/posts\/660","targetHints":{"allow":["GET"]}}],"collection":[{"href":"https:\/\/www.stoelzle.com\/sto\/wp-json\/wp\/v2\/posts"}],"about":[{"href":"https:\/\/www.stoelzle.com\/sto\/wp-json\/wp\/v2\/types\/post"}],"author":[{"embeddable":true,"href":"https:\/\/www.stoelzle.com\/sto\/wp-json\/wp\/v2\/users\/22"}],"replies":[{"embeddable":true,"href":"https:\/\/www.stoelzle.com\/sto\/wp-json\/wp\/v2\/comments?post=660"}],"version-history":[{"count":0,"href":"https:\/\/www.stoelzle.com\/sto\/wp-json\/wp\/v2\/posts\/660\/revisions"}],"wp:featuredmedia":[{"embeddable":true,"href":"https:\/\/www.stoelzle.com\/sto\/wp-json\/wp\/v2\/media\/665"}],"wp:attachment":[{"href":"https:\/\/www.stoelzle.com\/sto\/wp-json\/wp\/v2\/media?parent=660"}],"wp:term":[{"taxonomy":"category","embeddable":true,"href":"https:\/\/www.stoelzle.com\/sto\/wp-json\/wp\/v2\/categories?post=660"},{"taxonomy":"post_tag","embeddable":true,"href":"https:\/\/www.stoelzle.com\/sto\/wp-json\/wp\/v2\/tags?post=660"}],"curies":[{"name":"wp","href":"https:\/\/api.w.org\/{rel}","templated":true}]}}