{"id":532,"date":"2023-07-26T08:27:22","date_gmt":"2023-07-26T08:27:22","guid":{"rendered":"https:\/\/www.stoelzle.com\/sto\/?p=532"},"modified":"2023-07-26T08:27:22","modified_gmt":"2023-07-26T08:27:22","slug":"betriebsbesuch-von-landeshauptmann-christopher-drexler","status":"publish","type":"post","link":"https:\/\/www.stoelzle.com\/sto\/betriebsbesuch-von-landeshauptmann-christopher-drexler\/","title":{"rendered":"Betriebsbesuch von Landeshauptmann Christopher Drexler"},"content":{"rendered":"<div class=\"wpb-content-wrapper\"><p>[vc_row][vc_column][vc_column_text]<\/p>\n<p class=\"h4\">Landeshauptmann Christopher Drexler besuchte den weststeirischen Traditionsbetrieb und traf Eigent\u00fcmer Cornelius Grupp zum Austausch.<\/p>\n<p>Auf Einladung von Honorarkonsul und Eigent\u00fcmer<strong>\u00a0<\/strong><strong>Dr.<\/strong><strong> Cornelius Grupp<\/strong>\u00a0besuchte Landeshauptmann\u00a0<strong>Christopher Drexler<\/strong> vergangene Woche (19.07.2023) die Stoelzle Oberglas GmbH am Standort K\u00f6flach. Gemeinsam mit B\u00fcrgermeister <strong>Helmut Linhart<\/strong>\u00a0bekam der Landeshauptmann vom Firmeninhaber und dessen Managementteam pers\u00f6nlich Einblicke in die Abl\u00e4ufe des weststeirischen Traditionsbetriebs. Seit 1871 wird an dem Standort in K\u00f6flach, an dem aktuell \u00fcber 500 Mitarbeiterinnen und Mitarbeiter besch\u00e4ftigt sind, Glas produziert. Das Werk wird laufend modernisiert und weist eine beinahe vollst\u00e4ndig mit PV-Anlagen verbaute Dachfl\u00e4che auf. Bereits zum zweiten Mal in Folge wurde Stoelzle Oberglas 2022 mit Gold im Nachhaltigkeitsrating EcoVadis ausgezeichnet und z\u00e4hlt somit zu den Top f\u00fcnf Prozent aller bewerteten Unternehmen.<\/p>\n<p>Landeshauptmann Christopher Drexler dankte f\u00fcr die Werksf\u00fchrung und w\u00fcrdigte die Bedeutung: &#8220;Die Stadtgemeinde K\u00f6flach beheimatet mit der Stoelzle Oberglas GmbH eine Firma von internationalem Renommee, die einen wichtigen Teil steirischer Industriegeschichte darstellt. Wir k\u00f6nnen stolz drauf sein, mit Stoelzle Oberglas einen der f\u00fchrenden Hersteller von nachhaltigen Glasverpackungen in Europa mit Kunden auf der ganzen Welt als Vorzeigebetrieb in der Weststeiermark zu haben. Ich danke Herrn Dr. Grupp, dass die Themen Umweltschutz und Nachhaltigkeit seit vielen Jahren ein wesentlicher Pfeiler der Philosophie von Stoelzle Oberglas sind. Mit Investitionen in Forschung und Entwicklung und der Nutzung des Digitalisierungspotenzials gelingt es Stoelzle Oberglas, seine Prozesse und Technologien zu optimieren, Energie und Rohstoffe zu sparen und dadurch einen aktiven Beitrag zum Klimaschutz zu leisten&#8221;, so der Landeshauptmann.<\/p>\n<p>&nbsp;<\/p>\n<p>[\/vc_column_text][\/vc_column][\/vc_row]<\/p>\n<\/div>","protected":false},"excerpt":{"rendered":"<p>Am 19. Juli 2023 besuchte Landeshauptmann Christopher Drexler den weststeirischen Traditionsbetrieb Stoelzle Oberglas GmbH in K\u00f6flach. Eigent\u00fcmer Dr. Cornelius Grupp f\u00fchrte Landeshauptmann Christopher Drexler durch die Produktion. Im Zuge dessen fand ein Austausch zwischen dem Landeshauptmann Christopher Drexler, dem B\u00fcrgermeister von K\u00f6lfach Helmut Linhart, Eigent\u00fcmer Dr. Cornelius Grupp und dem Management Team von Stoelzle statt.<\/p>\n","protected":false},"author":22,"featured_media":533,"comment_status":"open","ping_status":"open","sticky":false,"template":"","format":"standard","meta":{"_acf_changed":false,"footnotes":""},"categories":[25],"tags":[],"class_list":["post-532","post","type-post","status-publish","format-standard","has-post-thumbnail","hentry","category-koflach"],"acf":[],"yoast_head":"<!-- This site is optimized with the Yoast SEO plugin v26.6 - https:\/\/yoast.com\/wordpress\/plugins\/seo\/ -->\n<title>Betriebsbesuch von Landeshauptmann Christopher Drexler \u00bb News I Stoelzle<\/title>\n<meta name=\"description\" content=\"Besuch von Landeshauptmann Christopher Drexler bei Stoelzle Oberglas in K\u00f6flach auf Einladung von Eigent\u00fcmer Dr. Cornelius Grupp.\" \/>\n<meta name=\"robots\" content=\"index, follow, max-snippet:-1, max-image-preview:large, max-video-preview:-1\" \/>\n<link rel=\"canonical\" href=\"https:\/\/www.stoelzle.com\/sto\/betriebsbesuch-von-landeshauptmann-christopher-drexler\/\" \/>\n<meta property=\"og:locale\" content=\"en_US\" \/>\n<meta property=\"og:type\" content=\"article\" \/>\n<meta property=\"og:title\" content=\"Betriebsbesuch von Landeshauptmann Christopher Drexler \u00bb News I Stoelzle\" \/>\n<meta property=\"og:description\" content=\"Besuch von Landeshauptmann Christopher Drexler bei Stoelzle Oberglas in K\u00f6flach auf Einladung von Eigent\u00fcmer Dr. Cornelius Grupp.\" \/>\n<meta property=\"og:url\" content=\"https:\/\/www.stoelzle.com\/sto\/betriebsbesuch-von-landeshauptmann-christopher-drexler\/\" \/>\n<meta property=\"og:site_name\" content=\"Stoelzle Oberglas\" \/>\n<meta property=\"article:published_time\" content=\"2023-07-26T08:27:22+00:00\" \/>\n<meta property=\"og:image\" content=\"https:\/\/www.stoelzle.com\/sto\/wp-content\/uploads\/sites\/5\/2023\/07\/Besuch-LH-Drexler-news.jpg\" \/>\n\t<meta property=\"og:image:width\" content=\"2000\" \/>\n\t<meta property=\"og:image:height\" content=\"1300\" \/>\n\t<meta property=\"og:image:type\" content=\"image\/jpeg\" \/>\n<meta name=\"author\" content=\"katharina\" \/>\n<meta name=\"twitter:card\" content=\"summary_large_image\" \/>\n<meta name=\"twitter:label1\" content=\"Written by\" \/>\n\t<meta name=\"twitter:data1\" content=\"katharina\" \/>\n\t<meta name=\"twitter:label2\" content=\"Est. reading time\" \/>\n\t<meta name=\"twitter:data2\" content=\"2 minutes\" \/>\n<script type=\"application\/ld+json\" class=\"yoast-schema-graph\">{\"@context\":\"https:\/\/schema.org\",\"@graph\":[{\"@type\":\"Article\",\"@id\":\"https:\/\/www.stoelzle.com\/sto\/betriebsbesuch-von-landeshauptmann-christopher-drexler\/#article\",\"isPartOf\":{\"@id\":\"https:\/\/www.stoelzle.com\/sto\/betriebsbesuch-von-landeshauptmann-christopher-drexler\/\"},\"author\":{\"name\":\"katharina\",\"@id\":\"https:\/\/www.stoelzle.com\/sto\/#\/schema\/person\/6f16ef4809d88cbdc5612d44ebb3eb1a\"},\"headline\":\"Betriebsbesuch von Landeshauptmann Christopher Drexler\",\"datePublished\":\"2023-07-26T08:27:22+00:00\",\"mainEntityOfPage\":{\"@id\":\"https:\/\/www.stoelzle.com\/sto\/betriebsbesuch-von-landeshauptmann-christopher-drexler\/\"},\"wordCount\":277,\"commentCount\":0,\"publisher\":{\"@id\":\"https:\/\/www.stoelzle.com\/sto\/#organization\"},\"image\":{\"@id\":\"https:\/\/www.stoelzle.com\/sto\/betriebsbesuch-von-landeshauptmann-christopher-drexler\/#primaryimage\"},\"thumbnailUrl\":\"https:\/\/www.stoelzle.com\/sto\/wp-content\/uploads\/sites\/5\/2023\/07\/Besuch-LH-Drexler-news.jpg\",\"articleSection\":[\"K\u00f6flach\"],\"inLanguage\":\"en-US\",\"potentialAction\":[{\"@type\":\"CommentAction\",\"name\":\"Comment\",\"target\":[\"https:\/\/www.stoelzle.com\/sto\/betriebsbesuch-von-landeshauptmann-christopher-drexler\/#respond\"]}]},{\"@type\":\"WebPage\",\"@id\":\"https:\/\/www.stoelzle.com\/sto\/betriebsbesuch-von-landeshauptmann-christopher-drexler\/\",\"url\":\"https:\/\/www.stoelzle.com\/sto\/betriebsbesuch-von-landeshauptmann-christopher-drexler\/\",\"name\":\"Betriebsbesuch von Landeshauptmann Christopher Drexler \u00bb News I Stoelzle\",\"isPartOf\":{\"@id\":\"https:\/\/www.stoelzle.com\/sto\/#website\"},\"primaryImageOfPage\":{\"@id\":\"https:\/\/www.stoelzle.com\/sto\/betriebsbesuch-von-landeshauptmann-christopher-drexler\/#primaryimage\"},\"image\":{\"@id\":\"https:\/\/www.stoelzle.com\/sto\/betriebsbesuch-von-landeshauptmann-christopher-drexler\/#primaryimage\"},\"thumbnailUrl\":\"https:\/\/www.stoelzle.com\/sto\/wp-content\/uploads\/sites\/5\/2023\/07\/Besuch-LH-Drexler-news.jpg\",\"datePublished\":\"2023-07-26T08:27:22+00:00\",\"description\":\"Besuch von Landeshauptmann Christopher Drexler bei Stoelzle Oberglas in K\u00f6flach auf Einladung von Eigent\u00fcmer Dr. Cornelius Grupp.\",\"breadcrumb\":{\"@id\":\"https:\/\/www.stoelzle.com\/sto\/betriebsbesuch-von-landeshauptmann-christopher-drexler\/#breadcrumb\"},\"inLanguage\":\"en-US\",\"potentialAction\":[{\"@type\":\"ReadAction\",\"target\":[\"https:\/\/www.stoelzle.com\/sto\/betriebsbesuch-von-landeshauptmann-christopher-drexler\/\"]}]},{\"@type\":\"ImageObject\",\"inLanguage\":\"en-US\",\"@id\":\"https:\/\/www.stoelzle.com\/sto\/betriebsbesuch-von-landeshauptmann-christopher-drexler\/#primaryimage\",\"url\":\"https:\/\/www.stoelzle.com\/sto\/wp-content\/uploads\/sites\/5\/2023\/07\/Besuch-LH-Drexler-news.jpg\",\"contentUrl\":\"https:\/\/www.stoelzle.com\/sto\/wp-content\/uploads\/sites\/5\/2023\/07\/Besuch-LH-Drexler-news.jpg\",\"width\":2000,\"height\":1300,\"caption\":\"Besuch LH Drexler in der Produktion bei Stoelzle Oberglas\"},{\"@type\":\"BreadcrumbList\",\"@id\":\"https:\/\/www.stoelzle.com\/sto\/betriebsbesuch-von-landeshauptmann-christopher-drexler\/#breadcrumb\",\"itemListElement\":[{\"@type\":\"ListItem\",\"position\":1,\"name\":\"Home\",\"item\":\"https:\/\/www.stoelzle.com\"},{\"@type\":\"ListItem\",\"position\":2,\"name\":\"Stoelzle Oberglas\",\"item\":\"https:\/\/www.stoelzle.com\/sto\/\"},{\"@type\":\"ListItem\",\"position\":3,\"name\":\"Betriebsbesuch von Landeshauptmann Christopher Drexler\"}]},{\"@type\":\"WebSite\",\"@id\":\"https:\/\/www.stoelzle.com\/sto\/#website\",\"url\":\"https:\/\/www.stoelzle.com\/sto\/\",\"name\":\"Stoelzle Oberglas\",\"description\":\"\",\"publisher\":{\"@id\":\"https:\/\/www.stoelzle.com\/sto\/#organization\"},\"potentialAction\":[{\"@type\":\"SearchAction\",\"target\":{\"@type\":\"EntryPoint\",\"urlTemplate\":\"https:\/\/www.stoelzle.com\/sto\/?s={search_term_string}\"},\"query-input\":{\"@type\":\"PropertyValueSpecification\",\"valueRequired\":true,\"valueName\":\"search_term_string\"}}],\"inLanguage\":\"en-US\"},{\"@type\":\"Organization\",\"@id\":\"https:\/\/www.stoelzle.com\/sto\/#organization\",\"name\":\"Stoelzle Oberglas GmbH\",\"url\":\"https:\/\/www.stoelzle.com\/sto\/\",\"logo\":{\"@type\":\"ImageObject\",\"inLanguage\":\"en-US\",\"@id\":\"https:\/\/www.stoelzle.com\/sto\/#\/schema\/logo\/image\/\",\"url\":\"https:\/\/www.stoelzle.com\/sto\/wp-content\/uploads\/sites\/5\/2021\/03\/logo_stoelzle_oberglas.svg\",\"contentUrl\":\"https:\/\/www.stoelzle.com\/sto\/wp-content\/uploads\/sites\/5\/2021\/03\/logo_stoelzle_oberglas.svg\",\"width\":150,\"height\":40,\"caption\":\"Stoelzle Oberglas GmbH\"},\"image\":{\"@id\":\"https:\/\/www.stoelzle.com\/sto\/#\/schema\/logo\/image\/\"}},{\"@type\":\"Person\",\"@id\":\"https:\/\/www.stoelzle.com\/sto\/#\/schema\/person\/6f16ef4809d88cbdc5612d44ebb3eb1a\",\"name\":\"katharina\"}]}<\/script>\n<!-- \/ Yoast SEO plugin. -->","yoast_head_json":{"title":"Betriebsbesuch von Landeshauptmann Christopher Drexler \u00bb News I Stoelzle","description":"Besuch von Landeshauptmann Christopher Drexler bei Stoelzle Oberglas in K\u00f6flach auf Einladung von Eigent\u00fcmer Dr. Cornelius Grupp.","robots":{"index":"index","follow":"follow","max-snippet":"max-snippet:-1","max-image-preview":"max-image-preview:large","max-video-preview":"max-video-preview:-1"},"canonical":"https:\/\/www.stoelzle.com\/sto\/betriebsbesuch-von-landeshauptmann-christopher-drexler\/","og_locale":"en_US","og_type":"article","og_title":"Betriebsbesuch von Landeshauptmann Christopher Drexler \u00bb News I Stoelzle","og_description":"Besuch von Landeshauptmann Christopher Drexler bei Stoelzle Oberglas in K\u00f6flach auf Einladung von Eigent\u00fcmer Dr. Cornelius Grupp.","og_url":"https:\/\/www.stoelzle.com\/sto\/betriebsbesuch-von-landeshauptmann-christopher-drexler\/","og_site_name":"Stoelzle Oberglas","article_published_time":"2023-07-26T08:27:22+00:00","og_image":[{"width":2000,"height":1300,"url":"https:\/\/www.stoelzle.com\/sto\/wp-content\/uploads\/sites\/5\/2023\/07\/Besuch-LH-Drexler-news.jpg","type":"image\/jpeg"}],"author":"katharina","twitter_card":"summary_large_image","twitter_misc":{"Written by":"katharina","Est. reading time":"2 minutes"},"schema":{"@context":"https:\/\/schema.org","@graph":[{"@type":"Article","@id":"https:\/\/www.stoelzle.com\/sto\/betriebsbesuch-von-landeshauptmann-christopher-drexler\/#article","isPartOf":{"@id":"https:\/\/www.stoelzle.com\/sto\/betriebsbesuch-von-landeshauptmann-christopher-drexler\/"},"author":{"name":"katharina","@id":"https:\/\/www.stoelzle.com\/sto\/#\/schema\/person\/6f16ef4809d88cbdc5612d44ebb3eb1a"},"headline":"Betriebsbesuch von Landeshauptmann Christopher Drexler","datePublished":"2023-07-26T08:27:22+00:00","mainEntityOfPage":{"@id":"https:\/\/www.stoelzle.com\/sto\/betriebsbesuch-von-landeshauptmann-christopher-drexler\/"},"wordCount":277,"commentCount":0,"publisher":{"@id":"https:\/\/www.stoelzle.com\/sto\/#organization"},"image":{"@id":"https:\/\/www.stoelzle.com\/sto\/betriebsbesuch-von-landeshauptmann-christopher-drexler\/#primaryimage"},"thumbnailUrl":"https:\/\/www.stoelzle.com\/sto\/wp-content\/uploads\/sites\/5\/2023\/07\/Besuch-LH-Drexler-news.jpg","articleSection":["K\u00f6flach"],"inLanguage":"en-US","potentialAction":[{"@type":"CommentAction","name":"Comment","target":["https:\/\/www.stoelzle.com\/sto\/betriebsbesuch-von-landeshauptmann-christopher-drexler\/#respond"]}]},{"@type":"WebPage","@id":"https:\/\/www.stoelzle.com\/sto\/betriebsbesuch-von-landeshauptmann-christopher-drexler\/","url":"https:\/\/www.stoelzle.com\/sto\/betriebsbesuch-von-landeshauptmann-christopher-drexler\/","name":"Betriebsbesuch von Landeshauptmann Christopher Drexler \u00bb News I Stoelzle","isPartOf":{"@id":"https:\/\/www.stoelzle.com\/sto\/#website"},"primaryImageOfPage":{"@id":"https:\/\/www.stoelzle.com\/sto\/betriebsbesuch-von-landeshauptmann-christopher-drexler\/#primaryimage"},"image":{"@id":"https:\/\/www.stoelzle.com\/sto\/betriebsbesuch-von-landeshauptmann-christopher-drexler\/#primaryimage"},"thumbnailUrl":"https:\/\/www.stoelzle.com\/sto\/wp-content\/uploads\/sites\/5\/2023\/07\/Besuch-LH-Drexler-news.jpg","datePublished":"2023-07-26T08:27:22+00:00","description":"Besuch von Landeshauptmann Christopher Drexler bei Stoelzle Oberglas in K\u00f6flach auf Einladung von Eigent\u00fcmer Dr. Cornelius Grupp.","breadcrumb":{"@id":"https:\/\/www.stoelzle.com\/sto\/betriebsbesuch-von-landeshauptmann-christopher-drexler\/#breadcrumb"},"inLanguage":"en-US","potentialAction":[{"@type":"ReadAction","target":["https:\/\/www.stoelzle.com\/sto\/betriebsbesuch-von-landeshauptmann-christopher-drexler\/"]}]},{"@type":"ImageObject","inLanguage":"en-US","@id":"https:\/\/www.stoelzle.com\/sto\/betriebsbesuch-von-landeshauptmann-christopher-drexler\/#primaryimage","url":"https:\/\/www.stoelzle.com\/sto\/wp-content\/uploads\/sites\/5\/2023\/07\/Besuch-LH-Drexler-news.jpg","contentUrl":"https:\/\/www.stoelzle.com\/sto\/wp-content\/uploads\/sites\/5\/2023\/07\/Besuch-LH-Drexler-news.jpg","width":2000,"height":1300,"caption":"Besuch LH Drexler in der Produktion bei Stoelzle Oberglas"},{"@type":"BreadcrumbList","@id":"https:\/\/www.stoelzle.com\/sto\/betriebsbesuch-von-landeshauptmann-christopher-drexler\/#breadcrumb","itemListElement":[{"@type":"ListItem","position":1,"name":"Home","item":"https:\/\/www.stoelzle.com"},{"@type":"ListItem","position":2,"name":"Stoelzle Oberglas","item":"https:\/\/www.stoelzle.com\/sto\/"},{"@type":"ListItem","position":3,"name":"Betriebsbesuch von Landeshauptmann Christopher Drexler"}]},{"@type":"WebSite","@id":"https:\/\/www.stoelzle.com\/sto\/#website","url":"https:\/\/www.stoelzle.com\/sto\/","name":"Stoelzle Oberglas","description":"","publisher":{"@id":"https:\/\/www.stoelzle.com\/sto\/#organization"},"potentialAction":[{"@type":"SearchAction","target":{"@type":"EntryPoint","urlTemplate":"https:\/\/www.stoelzle.com\/sto\/?s={search_term_string}"},"query-input":{"@type":"PropertyValueSpecification","valueRequired":true,"valueName":"search_term_string"}}],"inLanguage":"en-US"},{"@type":"Organization","@id":"https:\/\/www.stoelzle.com\/sto\/#organization","name":"Stoelzle Oberglas GmbH","url":"https:\/\/www.stoelzle.com\/sto\/","logo":{"@type":"ImageObject","inLanguage":"en-US","@id":"https:\/\/www.stoelzle.com\/sto\/#\/schema\/logo\/image\/","url":"https:\/\/www.stoelzle.com\/sto\/wp-content\/uploads\/sites\/5\/2021\/03\/logo_stoelzle_oberglas.svg","contentUrl":"https:\/\/www.stoelzle.com\/sto\/wp-content\/uploads\/sites\/5\/2021\/03\/logo_stoelzle_oberglas.svg","width":150,"height":40,"caption":"Stoelzle Oberglas GmbH"},"image":{"@id":"https:\/\/www.stoelzle.com\/sto\/#\/schema\/logo\/image\/"}},{"@type":"Person","@id":"https:\/\/www.stoelzle.com\/sto\/#\/schema\/person\/6f16ef4809d88cbdc5612d44ebb3eb1a","name":"katharina"}]}},"_links":{"self":[{"href":"https:\/\/www.stoelzle.com\/sto\/wp-json\/wp\/v2\/posts\/532","targetHints":{"allow":["GET"]}}],"collection":[{"href":"https:\/\/www.stoelzle.com\/sto\/wp-json\/wp\/v2\/posts"}],"about":[{"href":"https:\/\/www.stoelzle.com\/sto\/wp-json\/wp\/v2\/types\/post"}],"author":[{"embeddable":true,"href":"https:\/\/www.stoelzle.com\/sto\/wp-json\/wp\/v2\/users\/22"}],"replies":[{"embeddable":true,"href":"https:\/\/www.stoelzle.com\/sto\/wp-json\/wp\/v2\/comments?post=532"}],"version-history":[{"count":0,"href":"https:\/\/www.stoelzle.com\/sto\/wp-json\/wp\/v2\/posts\/532\/revisions"}],"wp:featuredmedia":[{"embeddable":true,"href":"https:\/\/www.stoelzle.com\/sto\/wp-json\/wp\/v2\/media\/533"}],"wp:attachment":[{"href":"https:\/\/www.stoelzle.com\/sto\/wp-json\/wp\/v2\/media?parent=532"}],"wp:term":[{"taxonomy":"category","embeddable":true,"href":"https:\/\/www.stoelzle.com\/sto\/wp-json\/wp\/v2\/categories?post=532"},{"taxonomy":"post_tag","embeddable":true,"href":"https:\/\/www.stoelzle.com\/sto\/wp-json\/wp\/v2\/tags?post=532"}],"curies":[{"name":"wp","href":"https:\/\/api.w.org\/{rel}","templated":true}]}}