{"id":517,"date":"2023-07-10T05:50:47","date_gmt":"2023-07-10T05:50:47","guid":{"rendered":"https:\/\/www.stoelzle.com\/sto\/?p=517"},"modified":"2023-09-13T14:00:11","modified_gmt":"2023-09-13T14:00:11","slug":"tag-der-offenen-tuer-stoelzle-oberglas-koflach","status":"publish","type":"post","link":"https:\/\/www.stoelzle.com\/sto\/tag-der-offenen-tuer-stoelzle-oberglas-koflach\/","title":{"rendered":"Open Day bei Stoelzle Oberglas in K\u00f6flach"},"content":{"rendered":"<div class=\"wpb-content-wrapper\"><p>[vc_row][vc_column][vc_column_text]<\/p>\n<p class=\"h4\">Am 22. September 2023 findet bei Stoelzle Oberglas am Standort in K\u00f6flach ein Tag der offenen T\u00fcr statt, Job-Dating inklusive.<\/p>\n<p>Die Veranstaltung richtet sich an Mitarbeiterinnen und Mitarbeiter, deren Familien und Freunde, Anrainer und Bewohner von K\u00f6flach und den umliegenden Gemeinden sowie all jene, die mehr \u00fcber die industrielle Herstellung von Glas erfahren m\u00f6chten.<\/p>\n<p>Das abwechslungsreiche Programm wird Jung und Alt begeistern. Wer sich sportlich zeigen m\u00f6chte, kann seine Kletterk\u00fcnste an dem von den Naturfreunden betreuten Kletterturm unter Beweis stellen. Kinderanimation, Fotobox und beeindruckende Vorf\u00fchrungen der Stoelzle Betriebsfeuerwehr runden das Programm ab.<\/p>\n<p>Bei einem Rundgang durch das Produktionswerk sehen die Besucher aus n\u00e4chster N\u00e4he, wie aus fl\u00fcssigem Glas Flaschen geformt werden und erfahren an verschiedenen Stationen Wissenswertes zur Glasherstellung, den Produkten und dem Stoelzle Team.<\/p>\n<p><span style=\"font-weight: 400;\">Dar\u00fcber hinaus bieten wir den Besuchern mit unserem Job-Dating die einmalige Gelegenheit, das HR-Team von Stoelzle Oberglas pers\u00f6nlich und unverbindlich kennenzulernen. Ganz im Stil eines Speed-Datings erm\u00f6glichen wir es potenziellen Arbeitnehmer*innen, ihren potenziellen Arbeitgeber in einer lockeren Atmosph\u00e4re kennenzulernen. Egal, ob Sie auf der Suche nach einem spannenden Berufseinstieg sind, bereits Erfahrung in einem bestimmten Bereich mitbringen oder sich einfach nur \u00fcber die Benefits bei Stoelzle informieren m\u00f6chten &#8211; unser Job-Dating bietet Raum f\u00fcr interessante Gespr\u00e4che und potenzielle neue Karrierechancen.<\/span><\/p>\n<p>F\u00fcr das leibliche Wohl ist in einem gro\u00dfen Festzelt gesorgt. Der Open Day dauert von 12:00 Uhr Mittag bis 21:30 Uhr und bietet die M\u00f6glichkeit, Stoelzle als einen der bedeutendsten Leitbetriebe der Region kennenzulernen.<\/p>\n<p>[\/vc_column_text][\/vc_column][\/vc_row][vc_row][vc_column][vc_message message_box_color=&#8221;grey&#8221; icon_fontawesome=&#8221;far fa-clock&#8221;]<\/p>\n<p class=\"h4\" style=\"text-align: left;\">Programm<\/p>\n<p style=\"text-align: left;\"><strong>12:00 bis 21:30 Uhr<br \/>\n<\/strong>Festzelt mit Gastro und musikalischer Unterhaltung durch DJ Luky und die Glasfabriks- und Stadtkapelle<\/p>\n<p style=\"text-align: left;\"><strong>12:00 bis 18:00 Uhr<br \/>\n<\/strong>Spiel &amp; Spa\u00df mit den Kinderfreunden, Fotobox, Kletterturm, Vorf\u00fchrungen der Betriebsfeuerwehr, Sport-Ecke der HSG Youngsters &amp; ASK Mochart<\/p>\n<p style=\"text-align: left;\"><strong>13:00 bis 18:00 Uhr<br \/>\n<\/strong>Werksbesichtigung (letzter Einlass 17:30 Uhr. Kinder unter 10 Jahren m\u00fcssen von einem Erwachsenen begleitet werden. Zugang nur mit festem Schuhwerk gestattet)<\/p>\n<p><strong>14:00 bis 16:00 Uhr<br \/>\n<\/strong>Unverbindliches Kennenlernen unseres HR-Teams beim Job Dating<\/p>\n<p>[\/vc_message][\/vc_column][\/vc_row][vc_row][vc_column]<div class=\"vc-spacer spacing-bottom-s\"><\/div>[\/vc_column][\/vc_row][vc_row][vc_column]<div class=\"vc-title   text-center\">\n              <div class=\"topline\">Haben Sie weitere Fragen?<\/div>\n              <h2 class=\"title position-relative\">Kontakt aufnehmen<\/h2>\n              \n            <\/div>[vc_raw_html]JTVCY29udGFjdC1mb3JtLTclMjBpZCUzRCUyMmExYWNkNjAlMjIlMjB0aXRsZSUzRCUyMkNvbnRhY3QlMjBGb3JtJTIwT3BlbiUyMERheSUyMiU1RA==[\/vc_raw_html][\/vc_column][\/vc_row]<\/p>\n<\/div>","protected":false},"excerpt":{"rendered":"<p>Am 22. September 2023 findet bei Stoelzle Oberglas am Standort in K\u00f6flach ein Tag der offenen T\u00fcr statt. Die Veranstaltung richtet sich an Mitarbeiterinnen und Mitarbeiter, deren Familien und Freunde, Anrainer und Bewohner von K\u00f6flach und den umliegenden Gemeinden sowie all jene, die mehr \u00fcber die industrielle Herstellung von Glas erfahren m\u00f6chten.<\/p>\n","protected":false},"author":1,"featured_media":518,"comment_status":"open","ping_status":"open","sticky":false,"template":"","format":"standard","meta":{"_acf_changed":false,"footnotes":""},"categories":[25],"tags":[],"class_list":["post-517","post","type-post","status-publish","format-standard","has-post-thumbnail","hentry","category-koflach"],"acf":[],"yoast_head":"<!-- This site is optimized with the Yoast SEO plugin v26.6 - https:\/\/yoast.com\/wordpress\/plugins\/seo\/ -->\n<title>Open Day bei Stoelzle Oberglas in K\u00f6flach \u00bb News I Stoelzle<\/title>\n<meta name=\"description\" content=\"Am 22. September 2023 findet bei Stoelzle Oberglas am Standort in K\u00f6flach ein Tag der offenen T\u00fcr statt mit einem abwechslungsreichen Programm.\" \/>\n<meta name=\"robots\" content=\"index, follow, max-snippet:-1, max-image-preview:large, max-video-preview:-1\" \/>\n<link rel=\"canonical\" href=\"https:\/\/www.stoelzle.com\/sto\/tag-der-offenen-tuer-stoelzle-oberglas-koflach\/\" \/>\n<meta property=\"og:locale\" content=\"en_US\" \/>\n<meta property=\"og:type\" content=\"article\" \/>\n<meta property=\"og:title\" content=\"Open Day bei Stoelzle Oberglas in K\u00f6flach \u00bb News I Stoelzle\" \/>\n<meta property=\"og:description\" content=\"Am 22. September 2023 findet bei Stoelzle Oberglas am Standort in K\u00f6flach ein Tag der offenen T\u00fcr statt mit einem abwechslungsreichen Programm.\" \/>\n<meta property=\"og:url\" content=\"https:\/\/www.stoelzle.com\/sto\/tag-der-offenen-tuer-stoelzle-oberglas-koflach\/\" \/>\n<meta property=\"og:site_name\" content=\"Stoelzle Oberglas\" \/>\n<meta property=\"article:published_time\" content=\"2023-07-10T05:50:47+00:00\" \/>\n<meta property=\"article:modified_time\" content=\"2023-09-13T14:00:11+00:00\" \/>\n<meta property=\"og:image\" content=\"https:\/\/www.stoelzle.com\/sto\/wp-content\/uploads\/sites\/5\/2023\/06\/weloveglass-tdot2023_2000x1300px.jpg\" \/>\n\t<meta property=\"og:image:width\" content=\"2000\" \/>\n\t<meta property=\"og:image:height\" content=\"1300\" \/>\n\t<meta property=\"og:image:type\" content=\"image\/jpeg\" \/>\n<meta name=\"author\" content=\"staginggroup\" \/>\n<meta name=\"twitter:card\" content=\"summary_large_image\" \/>\n<meta name=\"twitter:label1\" content=\"Written by\" \/>\n\t<meta name=\"twitter:data1\" content=\"staginggroup\" \/>\n\t<meta name=\"twitter:label2\" content=\"Est. reading time\" \/>\n\t<meta name=\"twitter:data2\" content=\"2 minutes\" \/>\n<script type=\"application\/ld+json\" class=\"yoast-schema-graph\">{\"@context\":\"https:\/\/schema.org\",\"@graph\":[{\"@type\":\"Article\",\"@id\":\"https:\/\/www.stoelzle.com\/sto\/tag-der-offenen-tuer-stoelzle-oberglas-koflach\/#article\",\"isPartOf\":{\"@id\":\"https:\/\/www.stoelzle.com\/sto\/tag-der-offenen-tuer-stoelzle-oberglas-koflach\/\"},\"author\":{\"name\":\"staginggroup\",\"@id\":\"https:\/\/www.stoelzle.com\/sto\/#\/schema\/person\/0fa8cbcdbbc3c7442984dc3984842653\"},\"headline\":\"Open Day bei Stoelzle Oberglas in K\u00f6flach\",\"datePublished\":\"2023-07-10T05:50:47+00:00\",\"dateModified\":\"2023-09-13T14:00:11+00:00\",\"mainEntityOfPage\":{\"@id\":\"https:\/\/www.stoelzle.com\/sto\/tag-der-offenen-tuer-stoelzle-oberglas-koflach\/\"},\"wordCount\":419,\"commentCount\":0,\"publisher\":{\"@id\":\"https:\/\/www.stoelzle.com\/sto\/#organization\"},\"image\":{\"@id\":\"https:\/\/www.stoelzle.com\/sto\/tag-der-offenen-tuer-stoelzle-oberglas-koflach\/#primaryimage\"},\"thumbnailUrl\":\"https:\/\/www.stoelzle.com\/sto\/wp-content\/uploads\/sites\/5\/2023\/06\/weloveglass-tdot2023_2000x1300px.jpg\",\"articleSection\":[\"K\u00f6flach\"],\"inLanguage\":\"en-US\",\"potentialAction\":[{\"@type\":\"CommentAction\",\"name\":\"Comment\",\"target\":[\"https:\/\/www.stoelzle.com\/sto\/tag-der-offenen-tuer-stoelzle-oberglas-koflach\/#respond\"]}]},{\"@type\":\"WebPage\",\"@id\":\"https:\/\/www.stoelzle.com\/sto\/tag-der-offenen-tuer-stoelzle-oberglas-koflach\/\",\"url\":\"https:\/\/www.stoelzle.com\/sto\/tag-der-offenen-tuer-stoelzle-oberglas-koflach\/\",\"name\":\"Open Day bei Stoelzle Oberglas in K\u00f6flach \u00bb News I Stoelzle\",\"isPartOf\":{\"@id\":\"https:\/\/www.stoelzle.com\/sto\/#website\"},\"primaryImageOfPage\":{\"@id\":\"https:\/\/www.stoelzle.com\/sto\/tag-der-offenen-tuer-stoelzle-oberglas-koflach\/#primaryimage\"},\"image\":{\"@id\":\"https:\/\/www.stoelzle.com\/sto\/tag-der-offenen-tuer-stoelzle-oberglas-koflach\/#primaryimage\"},\"thumbnailUrl\":\"https:\/\/www.stoelzle.com\/sto\/wp-content\/uploads\/sites\/5\/2023\/06\/weloveglass-tdot2023_2000x1300px.jpg\",\"datePublished\":\"2023-07-10T05:50:47+00:00\",\"dateModified\":\"2023-09-13T14:00:11+00:00\",\"description\":\"Am 22. September 2023 findet bei Stoelzle Oberglas am Standort in K\u00f6flach ein Tag der offenen T\u00fcr statt mit einem abwechslungsreichen Programm.\",\"breadcrumb\":{\"@id\":\"https:\/\/www.stoelzle.com\/sto\/tag-der-offenen-tuer-stoelzle-oberglas-koflach\/#breadcrumb\"},\"inLanguage\":\"en-US\",\"potentialAction\":[{\"@type\":\"ReadAction\",\"target\":[\"https:\/\/www.stoelzle.com\/sto\/tag-der-offenen-tuer-stoelzle-oberglas-koflach\/\"]}]},{\"@type\":\"ImageObject\",\"inLanguage\":\"en-US\",\"@id\":\"https:\/\/www.stoelzle.com\/sto\/tag-der-offenen-tuer-stoelzle-oberglas-koflach\/#primaryimage\",\"url\":\"https:\/\/www.stoelzle.com\/sto\/wp-content\/uploads\/sites\/5\/2023\/06\/weloveglass-tdot2023_2000x1300px.jpg\",\"contentUrl\":\"https:\/\/www.stoelzle.com\/sto\/wp-content\/uploads\/sites\/5\/2023\/06\/weloveglass-tdot2023_2000x1300px.jpg\",\"width\":2000,\"height\":1300},{\"@type\":\"BreadcrumbList\",\"@id\":\"https:\/\/www.stoelzle.com\/sto\/tag-der-offenen-tuer-stoelzle-oberglas-koflach\/#breadcrumb\",\"itemListElement\":[{\"@type\":\"ListItem\",\"position\":1,\"name\":\"Home\",\"item\":\"https:\/\/www.stoelzle.com\"},{\"@type\":\"ListItem\",\"position\":2,\"name\":\"Stoelzle Oberglas\",\"item\":\"https:\/\/www.stoelzle.com\/sto\/\"},{\"@type\":\"ListItem\",\"position\":3,\"name\":\"Open Day bei Stoelzle Oberglas in K\u00f6flach\"}]},{\"@type\":\"WebSite\",\"@id\":\"https:\/\/www.stoelzle.com\/sto\/#website\",\"url\":\"https:\/\/www.stoelzle.com\/sto\/\",\"name\":\"Stoelzle Oberglas\",\"description\":\"\",\"publisher\":{\"@id\":\"https:\/\/www.stoelzle.com\/sto\/#organization\"},\"potentialAction\":[{\"@type\":\"SearchAction\",\"target\":{\"@type\":\"EntryPoint\",\"urlTemplate\":\"https:\/\/www.stoelzle.com\/sto\/?s={search_term_string}\"},\"query-input\":{\"@type\":\"PropertyValueSpecification\",\"valueRequired\":true,\"valueName\":\"search_term_string\"}}],\"inLanguage\":\"en-US\"},{\"@type\":\"Organization\",\"@id\":\"https:\/\/www.stoelzle.com\/sto\/#organization\",\"name\":\"Stoelzle Oberglas GmbH\",\"url\":\"https:\/\/www.stoelzle.com\/sto\/\",\"logo\":{\"@type\":\"ImageObject\",\"inLanguage\":\"en-US\",\"@id\":\"https:\/\/www.stoelzle.com\/sto\/#\/schema\/logo\/image\/\",\"url\":\"https:\/\/www.stoelzle.com\/sto\/wp-content\/uploads\/sites\/5\/2021\/03\/logo_stoelzle_oberglas.svg\",\"contentUrl\":\"https:\/\/www.stoelzle.com\/sto\/wp-content\/uploads\/sites\/5\/2021\/03\/logo_stoelzle_oberglas.svg\",\"width\":150,\"height\":40,\"caption\":\"Stoelzle Oberglas GmbH\"},\"image\":{\"@id\":\"https:\/\/www.stoelzle.com\/sto\/#\/schema\/logo\/image\/\"}},{\"@type\":\"Person\",\"@id\":\"https:\/\/www.stoelzle.com\/sto\/#\/schema\/person\/0fa8cbcdbbc3c7442984dc3984842653\",\"name\":\"staginggroup\",\"sameAs\":[\"https:\/\/www.stoelzle.com\"]}]}<\/script>\n<!-- \/ Yoast SEO plugin. -->","yoast_head_json":{"title":"Open Day bei Stoelzle Oberglas in K\u00f6flach \u00bb News I Stoelzle","description":"Am 22. September 2023 findet bei Stoelzle Oberglas am Standort in K\u00f6flach ein Tag der offenen T\u00fcr statt mit einem abwechslungsreichen Programm.","robots":{"index":"index","follow":"follow","max-snippet":"max-snippet:-1","max-image-preview":"max-image-preview:large","max-video-preview":"max-video-preview:-1"},"canonical":"https:\/\/www.stoelzle.com\/sto\/tag-der-offenen-tuer-stoelzle-oberglas-koflach\/","og_locale":"en_US","og_type":"article","og_title":"Open Day bei Stoelzle Oberglas in K\u00f6flach \u00bb News I Stoelzle","og_description":"Am 22. September 2023 findet bei Stoelzle Oberglas am Standort in K\u00f6flach ein Tag der offenen T\u00fcr statt mit einem abwechslungsreichen Programm.","og_url":"https:\/\/www.stoelzle.com\/sto\/tag-der-offenen-tuer-stoelzle-oberglas-koflach\/","og_site_name":"Stoelzle Oberglas","article_published_time":"2023-07-10T05:50:47+00:00","article_modified_time":"2023-09-13T14:00:11+00:00","og_image":[{"width":2000,"height":1300,"url":"https:\/\/www.stoelzle.com\/sto\/wp-content\/uploads\/sites\/5\/2023\/06\/weloveglass-tdot2023_2000x1300px.jpg","type":"image\/jpeg"}],"author":"staginggroup","twitter_card":"summary_large_image","twitter_misc":{"Written by":"staginggroup","Est. reading time":"2 minutes"},"schema":{"@context":"https:\/\/schema.org","@graph":[{"@type":"Article","@id":"https:\/\/www.stoelzle.com\/sto\/tag-der-offenen-tuer-stoelzle-oberglas-koflach\/#article","isPartOf":{"@id":"https:\/\/www.stoelzle.com\/sto\/tag-der-offenen-tuer-stoelzle-oberglas-koflach\/"},"author":{"name":"staginggroup","@id":"https:\/\/www.stoelzle.com\/sto\/#\/schema\/person\/0fa8cbcdbbc3c7442984dc3984842653"},"headline":"Open Day bei Stoelzle Oberglas in K\u00f6flach","datePublished":"2023-07-10T05:50:47+00:00","dateModified":"2023-09-13T14:00:11+00:00","mainEntityOfPage":{"@id":"https:\/\/www.stoelzle.com\/sto\/tag-der-offenen-tuer-stoelzle-oberglas-koflach\/"},"wordCount":419,"commentCount":0,"publisher":{"@id":"https:\/\/www.stoelzle.com\/sto\/#organization"},"image":{"@id":"https:\/\/www.stoelzle.com\/sto\/tag-der-offenen-tuer-stoelzle-oberglas-koflach\/#primaryimage"},"thumbnailUrl":"https:\/\/www.stoelzle.com\/sto\/wp-content\/uploads\/sites\/5\/2023\/06\/weloveglass-tdot2023_2000x1300px.jpg","articleSection":["K\u00f6flach"],"inLanguage":"en-US","potentialAction":[{"@type":"CommentAction","name":"Comment","target":["https:\/\/www.stoelzle.com\/sto\/tag-der-offenen-tuer-stoelzle-oberglas-koflach\/#respond"]}]},{"@type":"WebPage","@id":"https:\/\/www.stoelzle.com\/sto\/tag-der-offenen-tuer-stoelzle-oberglas-koflach\/","url":"https:\/\/www.stoelzle.com\/sto\/tag-der-offenen-tuer-stoelzle-oberglas-koflach\/","name":"Open Day bei Stoelzle Oberglas in K\u00f6flach \u00bb News I Stoelzle","isPartOf":{"@id":"https:\/\/www.stoelzle.com\/sto\/#website"},"primaryImageOfPage":{"@id":"https:\/\/www.stoelzle.com\/sto\/tag-der-offenen-tuer-stoelzle-oberglas-koflach\/#primaryimage"},"image":{"@id":"https:\/\/www.stoelzle.com\/sto\/tag-der-offenen-tuer-stoelzle-oberglas-koflach\/#primaryimage"},"thumbnailUrl":"https:\/\/www.stoelzle.com\/sto\/wp-content\/uploads\/sites\/5\/2023\/06\/weloveglass-tdot2023_2000x1300px.jpg","datePublished":"2023-07-10T05:50:47+00:00","dateModified":"2023-09-13T14:00:11+00:00","description":"Am 22. September 2023 findet bei Stoelzle Oberglas am Standort in K\u00f6flach ein Tag der offenen T\u00fcr statt mit einem abwechslungsreichen Programm.","breadcrumb":{"@id":"https:\/\/www.stoelzle.com\/sto\/tag-der-offenen-tuer-stoelzle-oberglas-koflach\/#breadcrumb"},"inLanguage":"en-US","potentialAction":[{"@type":"ReadAction","target":["https:\/\/www.stoelzle.com\/sto\/tag-der-offenen-tuer-stoelzle-oberglas-koflach\/"]}]},{"@type":"ImageObject","inLanguage":"en-US","@id":"https:\/\/www.stoelzle.com\/sto\/tag-der-offenen-tuer-stoelzle-oberglas-koflach\/#primaryimage","url":"https:\/\/www.stoelzle.com\/sto\/wp-content\/uploads\/sites\/5\/2023\/06\/weloveglass-tdot2023_2000x1300px.jpg","contentUrl":"https:\/\/www.stoelzle.com\/sto\/wp-content\/uploads\/sites\/5\/2023\/06\/weloveglass-tdot2023_2000x1300px.jpg","width":2000,"height":1300},{"@type":"BreadcrumbList","@id":"https:\/\/www.stoelzle.com\/sto\/tag-der-offenen-tuer-stoelzle-oberglas-koflach\/#breadcrumb","itemListElement":[{"@type":"ListItem","position":1,"name":"Home","item":"https:\/\/www.stoelzle.com"},{"@type":"ListItem","position":2,"name":"Stoelzle Oberglas","item":"https:\/\/www.stoelzle.com\/sto\/"},{"@type":"ListItem","position":3,"name":"Open Day bei Stoelzle Oberglas in K\u00f6flach"}]},{"@type":"WebSite","@id":"https:\/\/www.stoelzle.com\/sto\/#website","url":"https:\/\/www.stoelzle.com\/sto\/","name":"Stoelzle Oberglas","description":"","publisher":{"@id":"https:\/\/www.stoelzle.com\/sto\/#organization"},"potentialAction":[{"@type":"SearchAction","target":{"@type":"EntryPoint","urlTemplate":"https:\/\/www.stoelzle.com\/sto\/?s={search_term_string}"},"query-input":{"@type":"PropertyValueSpecification","valueRequired":true,"valueName":"search_term_string"}}],"inLanguage":"en-US"},{"@type":"Organization","@id":"https:\/\/www.stoelzle.com\/sto\/#organization","name":"Stoelzle Oberglas GmbH","url":"https:\/\/www.stoelzle.com\/sto\/","logo":{"@type":"ImageObject","inLanguage":"en-US","@id":"https:\/\/www.stoelzle.com\/sto\/#\/schema\/logo\/image\/","url":"https:\/\/www.stoelzle.com\/sto\/wp-content\/uploads\/sites\/5\/2021\/03\/logo_stoelzle_oberglas.svg","contentUrl":"https:\/\/www.stoelzle.com\/sto\/wp-content\/uploads\/sites\/5\/2021\/03\/logo_stoelzle_oberglas.svg","width":150,"height":40,"caption":"Stoelzle Oberglas GmbH"},"image":{"@id":"https:\/\/www.stoelzle.com\/sto\/#\/schema\/logo\/image\/"}},{"@type":"Person","@id":"https:\/\/www.stoelzle.com\/sto\/#\/schema\/person\/0fa8cbcdbbc3c7442984dc3984842653","name":"staginggroup","sameAs":["https:\/\/www.stoelzle.com"]}]}},"_links":{"self":[{"href":"https:\/\/www.stoelzle.com\/sto\/wp-json\/wp\/v2\/posts\/517","targetHints":{"allow":["GET"]}}],"collection":[{"href":"https:\/\/www.stoelzle.com\/sto\/wp-json\/wp\/v2\/posts"}],"about":[{"href":"https:\/\/www.stoelzle.com\/sto\/wp-json\/wp\/v2\/types\/post"}],"author":[{"embeddable":true,"href":"https:\/\/www.stoelzle.com\/sto\/wp-json\/wp\/v2\/users\/1"}],"replies":[{"embeddable":true,"href":"https:\/\/www.stoelzle.com\/sto\/wp-json\/wp\/v2\/comments?post=517"}],"version-history":[{"count":0,"href":"https:\/\/www.stoelzle.com\/sto\/wp-json\/wp\/v2\/posts\/517\/revisions"}],"wp:featuredmedia":[{"embeddable":true,"href":"https:\/\/www.stoelzle.com\/sto\/wp-json\/wp\/v2\/media\/518"}],"wp:attachment":[{"href":"https:\/\/www.stoelzle.com\/sto\/wp-json\/wp\/v2\/media?parent=517"}],"wp:term":[{"taxonomy":"category","embeddable":true,"href":"https:\/\/www.stoelzle.com\/sto\/wp-json\/wp\/v2\/categories?post=517"},{"taxonomy":"post_tag","embeddable":true,"href":"https:\/\/www.stoelzle.com\/sto\/wp-json\/wp\/v2\/tags?post=517"}],"curies":[{"name":"wp","href":"https:\/\/api.w.org\/{rel}","templated":true}]}}