{"id":1087,"date":"2020-07-01T11:13:27","date_gmt":"2020-07-01T11:13:27","guid":{"rendered":"http:\/\/stoelzle.com\/cancelling-of-trade-shows\/"},"modified":"2021-05-18T08:06:07","modified_gmt":"2021-05-18T08:06:07","slug":"stoelzle-storniert-teilnahme-an-einigen-internationalen-fachmessen-wegen-covid19","status":"publish","type":"post","link":"https:\/\/www.stoelzle.com\/de\/stoelzle-storniert-teilnahme-an-einigen-internationalen-fachmessen-wegen-covid19\/","title":{"rendered":"Absage von Messen"},"content":{"rendered":"<div class=\"wpb-content-wrapper\"><p>[vc_row][vc_column][vc_column_text]<\/p>\n<h4>Stoelzle storniert Teilnahme an einigen internationalen Fachmessen wegen COVID-19.<\/h4>\n<p class=\"h5\">Wir nehmen unsere Verantwortung ernst, indem wir unsere Beteiligung an Fachmessen absagen.<\/p>\n<p>Die Stoelzle Glasgruppe hat sich aufgrund der immer noch schwierigen COVID-19 Situation dazu entschlossen, die Teilnahme an einigen internationalen Messen abzusagen. Davon betroffen sind vorerst folgende Messen:<\/p>\n<ul>\n<li><strong>CPhI worldwide<\/strong>, 13. \u2013 15. Okt., Milano (verschoben auf 2021)<\/li>\n<li><strong>Supplyside West<\/strong> <strong>Las Vegas<\/strong>, 29. \u2013 30. Okt., Las Vegas<\/li>\n<li><strong>Natural Products Expo East<\/strong>, 23. \u2013 25. Sept., Philadelphia<\/li>\n<\/ul>\n<p>Unsere oberste Priorit\u00e4t ist es, die Sicherheit der Mitarbeiter und Mitarbeiterinnen zu gew\u00e4hrleisten und weder Kunden, noch Partner mit der Einladung zu Messen einem Risiko auszusetzen. Wir freuen uns nat\u00fcrlich, Ihnen jederzeit telefonisch, via online-Besprechungen und auch bei pers\u00f6nlichen Kundenbesuchen zur Verf\u00fcgung zu stehen.<\/p>\n<p>Wir evaluieren laufend die Teilnahme an weiteren Messen (2020 &amp; 2021) und aktualisieren unseren online Messekalender entsprechend.<\/p>\n<p>Bleiben Sie gesund![\/vc_column_text][\/vc_column][\/vc_row]<\/p>\n<\/div>","protected":false},"excerpt":{"rendered":"<p>Die Stoelzle Glasgruppe hat sich aufgrund der immer noch schwierigen COVID-19 Situation dazu entschlossen, die Teilnahme an einigen internationalen Messen abzusagen.<\/p>\n","protected":false},"author":1,"featured_media":989,"comment_status":"open","ping_status":"open","sticky":false,"template":"","format":"standard","meta":{"_acf_changed":false,"footnotes":""},"categories":[165],"tags":[],"class_list":["post-1087","post","type-post","status-publish","format-standard","has-post-thumbnail","hentry","category-stoelzle-glass-group-de"],"acf":[],"yoast_head":"<!-- This site is optimized with the Yoast SEO plugin v26.6 - https:\/\/yoast.com\/wordpress\/plugins\/seo\/ -->\n<title>Absage von Messen<\/title>\n<meta name=\"description\" content=\"Die Stoelzle Glasgruppe hat sich aufgrund der immer noch schwierigen COVID-19 Situation dazu entschlossen, die Teilnahme an einigen internationalen Messen abzusagen.\" \/>\n<meta name=\"robots\" content=\"index, follow, max-snippet:-1, max-image-preview:large, max-video-preview:-1\" \/>\n<link rel=\"canonical\" href=\"https:\/\/www.stoelzle.com\/de\/stoelzle-storniert-teilnahme-an-einigen-internationalen-fachmessen-wegen-covid19\/\" \/>\n<meta property=\"og:locale\" content=\"de_DE\" \/>\n<meta property=\"og:type\" content=\"article\" \/>\n<meta property=\"og:title\" content=\"Absage von Messen\" \/>\n<meta property=\"og:description\" content=\"Die Stoelzle Glasgruppe hat sich aufgrund der immer noch schwierigen COVID-19 Situation dazu entschlossen, die Teilnahme an einigen internationalen Messen abzusagen.\" \/>\n<meta property=\"og:url\" content=\"https:\/\/www.stoelzle.com\/de\/stoelzle-storniert-teilnahme-an-einigen-internationalen-fachmessen-wegen-covid19\/\" \/>\n<meta property=\"og:site_name\" content=\"Stoelzle Glass Group\" \/>\n<meta property=\"article:published_time\" content=\"2020-07-01T11:13:27+00:00\" \/>\n<meta property=\"article:modified_time\" content=\"2021-05-18T08:06:07+00:00\" \/>\n<meta property=\"og:image\" content=\"https:\/\/www.stoelzle.com\/wp-content\/uploads\/2020\/07\/news-cancel-trade-show-participation.jpg\" \/>\n\t<meta property=\"og:image:width\" content=\"1500\" \/>\n\t<meta property=\"og:image:height\" content=\"975\" \/>\n\t<meta property=\"og:image:type\" content=\"image\/jpeg\" \/>\n<meta name=\"author\" content=\"staginggroup\" \/>\n<meta name=\"twitter:card\" content=\"summary_large_image\" \/>\n<meta name=\"twitter:label1\" content=\"Verfasst von\" \/>\n\t<meta name=\"twitter:data1\" content=\"staginggroup\" \/>\n\t<meta name=\"twitter:label2\" content=\"Gesch\u00e4tzte Lesezeit\" \/>\n\t<meta name=\"twitter:data2\" content=\"1 Minute\" \/>\n<script type=\"application\/ld+json\" class=\"yoast-schema-graph\">{\"@context\":\"https:\/\/schema.org\",\"@graph\":[{\"@type\":\"NewsArticle\",\"@id\":\"https:\/\/www.stoelzle.com\/de\/stoelzle-storniert-teilnahme-an-einigen-internationalen-fachmessen-wegen-covid19\/#article\",\"isPartOf\":{\"@id\":\"https:\/\/www.stoelzle.com\/de\/stoelzle-storniert-teilnahme-an-einigen-internationalen-fachmessen-wegen-covid19\/\"},\"author\":{\"name\":\"staginggroup\",\"@id\":\"https:\/\/www.stoelzle.com\/#\/schema\/person\/0fa8cbcdbbc3c7442984dc3984842653\"},\"headline\":\"Absage von Messen\",\"datePublished\":\"2020-07-01T11:13:27+00:00\",\"dateModified\":\"2021-05-18T08:06:07+00:00\",\"mainEntityOfPage\":{\"@id\":\"https:\/\/www.stoelzle.com\/de\/stoelzle-storniert-teilnahme-an-einigen-internationalen-fachmessen-wegen-covid19\/\"},\"wordCount\":151,\"commentCount\":0,\"publisher\":{\"@id\":\"https:\/\/www.stoelzle.com\/#organization\"},\"image\":{\"@id\":\"https:\/\/www.stoelzle.com\/de\/stoelzle-storniert-teilnahme-an-einigen-internationalen-fachmessen-wegen-covid19\/#primaryimage\"},\"thumbnailUrl\":\"https:\/\/www.stoelzle.com\/wp-content\/uploads\/2020\/07\/news-cancel-trade-show-participation.jpg\",\"articleSection\":[\"Stoelzle Glasgruppe\"],\"inLanguage\":\"de-DE\",\"potentialAction\":[{\"@type\":\"CommentAction\",\"name\":\"Comment\",\"target\":[\"https:\/\/www.stoelzle.com\/de\/stoelzle-storniert-teilnahme-an-einigen-internationalen-fachmessen-wegen-covid19\/#respond\"]}]},{\"@type\":\"WebPage\",\"@id\":\"https:\/\/www.stoelzle.com\/de\/stoelzle-storniert-teilnahme-an-einigen-internationalen-fachmessen-wegen-covid19\/\",\"url\":\"https:\/\/www.stoelzle.com\/de\/stoelzle-storniert-teilnahme-an-einigen-internationalen-fachmessen-wegen-covid19\/\",\"name\":\"Absage von Messen\",\"isPartOf\":{\"@id\":\"https:\/\/www.stoelzle.com\/#website\"},\"primaryImageOfPage\":{\"@id\":\"https:\/\/www.stoelzle.com\/de\/stoelzle-storniert-teilnahme-an-einigen-internationalen-fachmessen-wegen-covid19\/#primaryimage\"},\"image\":{\"@id\":\"https:\/\/www.stoelzle.com\/de\/stoelzle-storniert-teilnahme-an-einigen-internationalen-fachmessen-wegen-covid19\/#primaryimage\"},\"thumbnailUrl\":\"https:\/\/www.stoelzle.com\/wp-content\/uploads\/2020\/07\/news-cancel-trade-show-participation.jpg\",\"datePublished\":\"2020-07-01T11:13:27+00:00\",\"dateModified\":\"2021-05-18T08:06:07+00:00\",\"description\":\"Die Stoelzle Glasgruppe hat sich aufgrund der immer noch schwierigen COVID-19 Situation dazu entschlossen, die Teilnahme an einigen internationalen Messen abzusagen.\",\"breadcrumb\":{\"@id\":\"https:\/\/www.stoelzle.com\/de\/stoelzle-storniert-teilnahme-an-einigen-internationalen-fachmessen-wegen-covid19\/#breadcrumb\"},\"inLanguage\":\"de-DE\",\"potentialAction\":[{\"@type\":\"ReadAction\",\"target\":[\"https:\/\/www.stoelzle.com\/de\/stoelzle-storniert-teilnahme-an-einigen-internationalen-fachmessen-wegen-covid19\/\"]}]},{\"@type\":\"ImageObject\",\"inLanguage\":\"de-DE\",\"@id\":\"https:\/\/www.stoelzle.com\/de\/stoelzle-storniert-teilnahme-an-einigen-internationalen-fachmessen-wegen-covid19\/#primaryimage\",\"url\":\"https:\/\/www.stoelzle.com\/wp-content\/uploads\/2020\/07\/news-cancel-trade-show-participation.jpg\",\"contentUrl\":\"https:\/\/www.stoelzle.com\/wp-content\/uploads\/2020\/07\/news-cancel-trade-show-participation.jpg\",\"width\":1500,\"height\":975,\"caption\":\"Sch\u00fctzende H\u00e4nde \u00fcber Personen als Scherenschnitt\"},{\"@type\":\"BreadcrumbList\",\"@id\":\"https:\/\/www.stoelzle.com\/de\/stoelzle-storniert-teilnahme-an-einigen-internationalen-fachmessen-wegen-covid19\/#breadcrumb\",\"itemListElement\":[{\"@type\":\"ListItem\",\"position\":1,\"name\":\"Home\",\"item\":\"https:\/\/www.stoelzle.com\/de\/\"},{\"@type\":\"ListItem\",\"position\":2,\"name\":\"Absage von Messen\"}]},{\"@type\":\"WebSite\",\"@id\":\"https:\/\/www.stoelzle.com\/#website\",\"url\":\"https:\/\/www.stoelzle.com\/\",\"name\":\"Stoelzle Glass Group\",\"description\":\"\",\"publisher\":{\"@id\":\"https:\/\/www.stoelzle.com\/#organization\"},\"potentialAction\":[{\"@type\":\"SearchAction\",\"target\":{\"@type\":\"EntryPoint\",\"urlTemplate\":\"https:\/\/www.stoelzle.com\/?s={search_term_string}\"},\"query-input\":{\"@type\":\"PropertyValueSpecification\",\"valueRequired\":true,\"valueName\":\"search_term_string\"}}],\"inLanguage\":\"de-DE\"},{\"@type\":\"Organization\",\"@id\":\"https:\/\/www.stoelzle.com\/#organization\",\"name\":\"Stoelzle Glass Group\",\"url\":\"https:\/\/www.stoelzle.com\/\",\"logo\":{\"@type\":\"ImageObject\",\"inLanguage\":\"de-DE\",\"@id\":\"https:\/\/www.stoelzle.com\/#\/schema\/logo\/image\/\",\"url\":\"https:\/\/www.stoelzle.com\/wp-content\/uploads\/2020\/06\/Logo.svg\",\"contentUrl\":\"https:\/\/www.stoelzle.com\/wp-content\/uploads\/2020\/06\/Logo.svg\",\"width\":180,\"height\":40,\"caption\":\"Stoelzle Glass Group\"},\"image\":{\"@id\":\"https:\/\/www.stoelzle.com\/#\/schema\/logo\/image\/\"}},{\"@type\":\"Person\",\"@id\":\"https:\/\/www.stoelzle.com\/#\/schema\/person\/0fa8cbcdbbc3c7442984dc3984842653\",\"name\":\"staginggroup\",\"sameAs\":[\"https:\/\/www.stoelzle.com\"]}]}<\/script>\n<!-- \/ Yoast SEO plugin. -->","yoast_head_json":{"title":"Absage von Messen","description":"Die Stoelzle Glasgruppe hat sich aufgrund der immer noch schwierigen COVID-19 Situation dazu entschlossen, die Teilnahme an einigen internationalen Messen abzusagen.","robots":{"index":"index","follow":"follow","max-snippet":"max-snippet:-1","max-image-preview":"max-image-preview:large","max-video-preview":"max-video-preview:-1"},"canonical":"https:\/\/www.stoelzle.com\/de\/stoelzle-storniert-teilnahme-an-einigen-internationalen-fachmessen-wegen-covid19\/","og_locale":"de_DE","og_type":"article","og_title":"Absage von Messen","og_description":"Die Stoelzle Glasgruppe hat sich aufgrund der immer noch schwierigen COVID-19 Situation dazu entschlossen, die Teilnahme an einigen internationalen Messen abzusagen.","og_url":"https:\/\/www.stoelzle.com\/de\/stoelzle-storniert-teilnahme-an-einigen-internationalen-fachmessen-wegen-covid19\/","og_site_name":"Stoelzle Glass Group","article_published_time":"2020-07-01T11:13:27+00:00","article_modified_time":"2021-05-18T08:06:07+00:00","og_image":[{"width":1500,"height":975,"url":"https:\/\/www.stoelzle.com\/wp-content\/uploads\/2020\/07\/news-cancel-trade-show-participation.jpg","type":"image\/jpeg"}],"author":"staginggroup","twitter_card":"summary_large_image","twitter_misc":{"Verfasst von":"staginggroup","Gesch\u00e4tzte Lesezeit":"1 Minute"},"schema":{"@context":"https:\/\/schema.org","@graph":[{"@type":"NewsArticle","@id":"https:\/\/www.stoelzle.com\/de\/stoelzle-storniert-teilnahme-an-einigen-internationalen-fachmessen-wegen-covid19\/#article","isPartOf":{"@id":"https:\/\/www.stoelzle.com\/de\/stoelzle-storniert-teilnahme-an-einigen-internationalen-fachmessen-wegen-covid19\/"},"author":{"name":"staginggroup","@id":"https:\/\/www.stoelzle.com\/#\/schema\/person\/0fa8cbcdbbc3c7442984dc3984842653"},"headline":"Absage von Messen","datePublished":"2020-07-01T11:13:27+00:00","dateModified":"2021-05-18T08:06:07+00:00","mainEntityOfPage":{"@id":"https:\/\/www.stoelzle.com\/de\/stoelzle-storniert-teilnahme-an-einigen-internationalen-fachmessen-wegen-covid19\/"},"wordCount":151,"commentCount":0,"publisher":{"@id":"https:\/\/www.stoelzle.com\/#organization"},"image":{"@id":"https:\/\/www.stoelzle.com\/de\/stoelzle-storniert-teilnahme-an-einigen-internationalen-fachmessen-wegen-covid19\/#primaryimage"},"thumbnailUrl":"https:\/\/www.stoelzle.com\/wp-content\/uploads\/2020\/07\/news-cancel-trade-show-participation.jpg","articleSection":["Stoelzle Glasgruppe"],"inLanguage":"de-DE","potentialAction":[{"@type":"CommentAction","name":"Comment","target":["https:\/\/www.stoelzle.com\/de\/stoelzle-storniert-teilnahme-an-einigen-internationalen-fachmessen-wegen-covid19\/#respond"]}]},{"@type":"WebPage","@id":"https:\/\/www.stoelzle.com\/de\/stoelzle-storniert-teilnahme-an-einigen-internationalen-fachmessen-wegen-covid19\/","url":"https:\/\/www.stoelzle.com\/de\/stoelzle-storniert-teilnahme-an-einigen-internationalen-fachmessen-wegen-covid19\/","name":"Absage von Messen","isPartOf":{"@id":"https:\/\/www.stoelzle.com\/#website"},"primaryImageOfPage":{"@id":"https:\/\/www.stoelzle.com\/de\/stoelzle-storniert-teilnahme-an-einigen-internationalen-fachmessen-wegen-covid19\/#primaryimage"},"image":{"@id":"https:\/\/www.stoelzle.com\/de\/stoelzle-storniert-teilnahme-an-einigen-internationalen-fachmessen-wegen-covid19\/#primaryimage"},"thumbnailUrl":"https:\/\/www.stoelzle.com\/wp-content\/uploads\/2020\/07\/news-cancel-trade-show-participation.jpg","datePublished":"2020-07-01T11:13:27+00:00","dateModified":"2021-05-18T08:06:07+00:00","description":"Die Stoelzle Glasgruppe hat sich aufgrund der immer noch schwierigen COVID-19 Situation dazu entschlossen, die Teilnahme an einigen internationalen Messen abzusagen.","breadcrumb":{"@id":"https:\/\/www.stoelzle.com\/de\/stoelzle-storniert-teilnahme-an-einigen-internationalen-fachmessen-wegen-covid19\/#breadcrumb"},"inLanguage":"de-DE","potentialAction":[{"@type":"ReadAction","target":["https:\/\/www.stoelzle.com\/de\/stoelzle-storniert-teilnahme-an-einigen-internationalen-fachmessen-wegen-covid19\/"]}]},{"@type":"ImageObject","inLanguage":"de-DE","@id":"https:\/\/www.stoelzle.com\/de\/stoelzle-storniert-teilnahme-an-einigen-internationalen-fachmessen-wegen-covid19\/#primaryimage","url":"https:\/\/www.stoelzle.com\/wp-content\/uploads\/2020\/07\/news-cancel-trade-show-participation.jpg","contentUrl":"https:\/\/www.stoelzle.com\/wp-content\/uploads\/2020\/07\/news-cancel-trade-show-participation.jpg","width":1500,"height":975,"caption":"Sch\u00fctzende H\u00e4nde \u00fcber Personen als Scherenschnitt"},{"@type":"BreadcrumbList","@id":"https:\/\/www.stoelzle.com\/de\/stoelzle-storniert-teilnahme-an-einigen-internationalen-fachmessen-wegen-covid19\/#breadcrumb","itemListElement":[{"@type":"ListItem","position":1,"name":"Home","item":"https:\/\/www.stoelzle.com\/de\/"},{"@type":"ListItem","position":2,"name":"Absage von Messen"}]},{"@type":"WebSite","@id":"https:\/\/www.stoelzle.com\/#website","url":"https:\/\/www.stoelzle.com\/","name":"Stoelzle Glass Group","description":"","publisher":{"@id":"https:\/\/www.stoelzle.com\/#organization"},"potentialAction":[{"@type":"SearchAction","target":{"@type":"EntryPoint","urlTemplate":"https:\/\/www.stoelzle.com\/?s={search_term_string}"},"query-input":{"@type":"PropertyValueSpecification","valueRequired":true,"valueName":"search_term_string"}}],"inLanguage":"de-DE"},{"@type":"Organization","@id":"https:\/\/www.stoelzle.com\/#organization","name":"Stoelzle Glass Group","url":"https:\/\/www.stoelzle.com\/","logo":{"@type":"ImageObject","inLanguage":"de-DE","@id":"https:\/\/www.stoelzle.com\/#\/schema\/logo\/image\/","url":"https:\/\/www.stoelzle.com\/wp-content\/uploads\/2020\/06\/Logo.svg","contentUrl":"https:\/\/www.stoelzle.com\/wp-content\/uploads\/2020\/06\/Logo.svg","width":180,"height":40,"caption":"Stoelzle Glass Group"},"image":{"@id":"https:\/\/www.stoelzle.com\/#\/schema\/logo\/image\/"}},{"@type":"Person","@id":"https:\/\/www.stoelzle.com\/#\/schema\/person\/0fa8cbcdbbc3c7442984dc3984842653","name":"staginggroup","sameAs":["https:\/\/www.stoelzle.com"]}]}},"_links":{"self":[{"href":"https:\/\/www.stoelzle.com\/de\/wp-json\/wp\/v2\/posts\/1087","targetHints":{"allow":["GET"]}}],"collection":[{"href":"https:\/\/www.stoelzle.com\/de\/wp-json\/wp\/v2\/posts"}],"about":[{"href":"https:\/\/www.stoelzle.com\/de\/wp-json\/wp\/v2\/types\/post"}],"author":[{"embeddable":true,"href":"https:\/\/www.stoelzle.com\/de\/wp-json\/wp\/v2\/users\/1"}],"replies":[{"embeddable":true,"href":"https:\/\/www.stoelzle.com\/de\/wp-json\/wp\/v2\/comments?post=1087"}],"version-history":[{"count":0,"href":"https:\/\/www.stoelzle.com\/de\/wp-json\/wp\/v2\/posts\/1087\/revisions"}],"wp:featuredmedia":[{"embeddable":true,"href":"https:\/\/www.stoelzle.com\/de\/wp-json\/wp\/v2\/media\/989"}],"wp:attachment":[{"href":"https:\/\/www.stoelzle.com\/de\/wp-json\/wp\/v2\/media?parent=1087"}],"wp:term":[{"taxonomy":"category","embeddable":true,"href":"https:\/\/www.stoelzle.com\/de\/wp-json\/wp\/v2\/categories?post=1087"},{"taxonomy":"post_tag","embeddable":true,"href":"https:\/\/www.stoelzle.com\/de\/wp-json\/wp\/v2\/tags?post=1087"}],"curies":[{"name":"wp","href":"https:\/\/api.w.org\/{rel}","templated":true}]}}